{"id":77,"date":"2026-04-26T20:23:01","date_gmt":"2026-04-26T18:23:01","guid":{"rendered":"https:\/\/blog.bglegal.pl\/?p=77"},"modified":"2026-04-26T20:46:55","modified_gmt":"2026-04-26T18:46:55","slug":"renta-specjalna-dla-dzialacza-opozycji-antykomunistycznej-skuteczne-postepowanie-przed-prezesem-rady-ministrow","status":"publish","type":"post","link":"https:\/\/blog.bglegal.pl\/index.php\/2026\/04\/26\/renta-specjalna-dla-dzialacza-opozycji-antykomunistycznej-skuteczne-postepowanie-przed-prezesem-rady-ministrow\/","title":{"rendered":"Renta specjalna dla dzia\u0142acza opozycji antykomunistycznej \u2013 skuteczne post\u0119powanie przed Prezesem Rady Ministr\u00f3w"},"content":{"rendered":"<p>Instytucja renty specjalnej przyznawanej przez Prezesa Rady Ministr\u00f3w na podstawie art. 82 ust. 1 ustawy z dnia 17 grudnia 1998 r. o emeryturach i rentach z Funduszu Ubezpiecze\u0144 Spo\u0142ecznych jest w praktyce rzadko stosowana. \u015awiadczenie to nie nale\u017cy si\u0119 ka\u017cdemu, kto z\u0142o\u017cy wniosek \u2013 przyznawane jest wy\u0142\u0105cznie w wyj\u0105tkowych przypadkach, osobom legitymuj\u0105cym si\u0119 wybitnymi, niepowtarzalnymi zas\u0142ugami lub b\u0119d\u0105cym ofiarami nadzwyczajnych zdarze\u0144 losowych. Niniejszy artyku\u0142 opisuje spraw\u0119, kt\u00f3r\u0105 prowadzili\u015bmy pro bono, zako\u0144czon\u0105 pozytywn\u0105 decyzj\u0105 Prezesa Rady Ministr\u00f3w.<\/p>\n<h2>Podstawa prawna \u2013 czym jest renta specjalna z art. 82 ust. 1?<\/h2>\n<p>Przepis art. 82 ust. 1 ustawy o emeryturach i rentach z FUS upowa\u017cnia Prezesa Rady Ministr\u00f3w do przyznania \u2013 w szczeg\u00f3lnie uzasadnionych przypadkach \u2013 emerytury lub renty na warunkach i w wysoko\u015bci innej ni\u017c okre\u015blone w ustawie. Decyzja w tym przedmiocie ma charakter uznaniowy, co potwierdzi\u0142 Trybuna\u0142 Konstytucyjny wyrokiem z 17 pa\u017adziernika 2006 r. Oznacza to, \u017ce Prezes Rady Ministr\u00f3w nie jest zwi\u0105zany standardowymi kryteriami przyznawania \u015bwiadcze\u0144 z ubezpieczenia spo\u0142ecznego.<\/p>\n<p>Jak wynika z utrwalonej praktyki Biura Prezesa Rady Ministr\u00f3w, \u015bwiadczenie specjalne mo\u017ce zosta\u0107 przyznane osobie, kt\u00f3ra:<\/p>\n<ul>\n<li>legitymuje si\u0119 wybitnymi, niepowtarzalnymi zas\u0142ugami i osi\u0105gni\u0119ciami w jakiej\u015b dziedzinie aktywno\u015bci \u2013 zawodowej, spo\u0142ecznej, artystycznej, naukowej, sportowej lub politycznej, albo<\/li>\n<li>znalaz\u0142a si\u0119 w sytuacji b\u0119d\u0105cej nast\u0119pstwem nadzwyczajnego zdarzenia losowego.<\/li>\n<\/ul>\n<p>\u015awiadczenie specjalne nie stanowi formy odszkodowania ani zado\u015b\u0107uczynienia za doznane krzywdy. Jego celem jest uhonorowanie os\u00f3b szczeg\u00f3lnie zas\u0142u\u017conych i zapewnienie im godziwych warunk\u00f3w bytowych. Z tego powodu sama trudna sytuacja socjalna wnioskodawcy nie jest wystarczaj\u0105c\u0105 przes\u0142ank\u0105 do przyznania renty.<\/p>\n<h2>Stan faktyczny \u2013 kim by\u0142 nasz Klient<\/h2>\n<p>Klientem kancelarii by\u0142 dzia\u0142acz opozycji antykomunistycznej z lat 80. XX wieku, posiadaj\u0105cy potwierdzony status dzia\u0142acza opozycji antykomunistycznej oraz osoby represjonowanej z powod\u00f3w politycznych \u2013 przyznany decyzj\u0105 Szefa Urz\u0119du do Spraw Kombatant\u00f3w i Os\u00f3b Represjonowanych.<\/p>\n<p>Od 1980 roku by\u0142 aktywnym cz\u0142onkiem NSZZ Solidarno\u015b\u0107. W stanie wojennym wsp\u00f3\u0142tworzy\u0142 struktury podziemne zajmuj\u0105ce si\u0119 kolporta\u017cem prasy niezale\u017cnej, bra\u0142 udzia\u0142 w manifestacjach i protestach antykomunistycznych. Po powo\u0142aniu do zasadniczej s\u0142u\u017cby wojskowej kontynuowa\u0142 dzia\u0142alno\u015b\u0107 opozycyjn\u0105 w jednostce wojskowej, za co w 1984 roku zosta\u0142 tymczasowo aresztowany i skazany prawomocnym wyrokiem wojskowego s\u0105du na kar\u0119 pozbawienia wolno\u015bci. Uda\u0142o nam si\u0119 stwierdzi\u0107 niewa\u017cno\u015b\u0107 tego wyroku w cz\u0119\u015bci dotycz\u0105cej czynu zwi\u0105zanego z dzia\u0142alno\u015bci\u0105 na rzecz niepodleg\u0142ego bytu Pa\u0144stwa Polskiego.<\/p>\n<p>W trakcie odbywania kary w zak\u0142adach karnych nasz Klient by\u0142 ofiar\u0105 systematycznej, brutalnej przemocy ze strony funkcjonariuszy S\u0142u\u017cby Wi\u0119ziennej. Przemoc ta \u2013 w tym pobicia, umieszczanie w celach izolacyjnych bez dost\u0119pu powietrza i przymusowe unieruchamianie \u2013 by\u0142a nakierowana na niego ze szczeg\u00f3ln\u0105 intensywno\u015bci\u0105, poniewa\u017c by\u0142 postrzegany przez administracj\u0119 zak\u0142adu karnego jako przyw\u00f3dca wi\u0119\u017ani\u00f3w politycznych i szczeg\u00f3lnie niebezpieczny dla re\u017cimu opozycjonista. Fakt pobicia przez funkcjonariuszy s\u0142u\u017cby wi\u0119ziennej potwierdzi\u0142 Instytut Pami\u0119ci Narodowej w toku prowadzonego \u015bledztwa.<\/p>\n<p>Do\u015bwiadczenia z okresu represji i odbywania kary odcisn\u0119\u0142y trwa\u0142y \u015blad na zdrowiu fizycznym i psychicznym naszego Klienta. Przez dziesi\u0119ciolecia po odzyskaniu wolno\u015bci zmaga\u0142 si\u0119 z chorobami kr\u0119gos\u0142upa, stanami depresyjnymi i trudno\u015bciami w codziennym funkcjonowaniu, kt\u00f3re uniemo\u017cliwia\u0142y mu podj\u0119cie stabilnego zatrudnienia.<\/p>\n<h2>Przebieg post\u0119powania \u2013 ponad rok intensywnych dzia\u0142a\u0144<\/h2>\n<p>Post\u0119powanie zainicjowali\u015bmy wnioskiem z\u0142o\u017conym do Kancelarii Prezesa Rady Ministr\u00f3w w lipcu 2025 roku. Sprawa wymaga\u0142a kilkumiesi\u0119cznych, intensywnych dzia\u0142a\u0144 na wielu frontach jednocze\u015bnie.<\/p>\n<p>Biuro Prezesa Rady Ministr\u00f3w \u2013 zgodnie ze standardow\u0105 procedur\u0105 w sprawach o \u015bwiadczenia specjalne \u2013 wyst\u0105pi\u0142o do szeregu instytucji w celu weryfikacji okoliczno\u015bci faktycznych wskazanych we wniosku. Swoje ustalenia przekaza\u0142y: Instytut Pami\u0119ci Narodowej (materia\u0142y archiwalne z kilku oddzia\u0142owych archiw\u00f3w, \u0142\u0105cznie kilkaset kart dokument\u00f3w), Urz\u0105d do Spraw Kombatant\u00f3w i Os\u00f3b Represjonowanych, Miejski O\u015brodek Pomocy Spo\u0142ecznej oraz organy samorz\u0105dowe w\u0142a\u015bciwe dla miejsca pobytu wnioskodawcy.<\/p>\n<p>W toku post\u0119powania organ wezwa\u0142 pe\u0142nomocnika do uzupe\u0142nienia wniosku o dodatkowe informacje i dokumenty, w tym szczeg\u00f3\u0142owe wykazanie okoliczno\u015bci wyr\u00f3\u017cniaj\u0105cych naszego Klienta spo\u015br\u00f3d innych dzia\u0142aczy opozycji antykomunistycznej. W odpowiedzi na wezwanie z\u0142o\u017cyli\u015bmy obszerne uzupe\u0142nienie wniosku, w kt\u00f3rym wskazali\u015bmy przede wszystkim na wyj\u0105tkow\u0105 brutalno\u015b\u0107 represji, kt\u00f3rych dozna\u0142 \u2013 zar\u00f3wno podczas odbywania kary pozbawienia wolno\u015bci, jak i w areszcie \u015bledczym. Do akt sprawy do\u0142\u0105czyli\u015bmy o\u015bwiadczenia \u015bwiadk\u00f3w, w tym os\u00f3b powszechnie znanych, kt\u00f3re potwierdzi\u0142y zar\u00f3wno dzia\u0142alno\u015b\u0107 opozycyjn\u0105 naszego Klienta, jak i okoliczno\u015bci przemocy, kt\u00f3rej by\u0142 ofiar\u0105.<\/p>\n<p>Kluczowym elementem strategii procesowej by\u0142o wykazanie, \u017ce sytuacja naszego Klienta wyr\u00f3\u017cnia go nie tylko na tle og\u00f3lnej populacji, ale r\u00f3wnie\u017c na tle innych dzia\u0142aczy opozycji antykomunistycznej. Podkre\u015blali\u015bmy, \u017ce skala i charakter represji, kt\u00f3rych do\u015bwiadczy\u0142, nale\u017c\u0105 do kategorii wyj\u0105tkowych nawet w kontek\u015bcie okresu stanu wojennego \u2013 co potwierdza\u0142y zar\u00f3wno zeznania \u015bwiadk\u00f3w z\u0142o\u017cone przed Wojskowym S\u0105dem Okr\u0119gowym, jak i ustalenia IPN oraz s\u0105d\u00f3w powszechnych.<\/p>\n<p>Przed wydaniem decyzji organ \u2013 zgodnie z wymogiem art. 10 Kodeksu post\u0119powania administracyjnego \u2013 umo\u017cliwi\u0142 stronom wypowiedzenie si\u0119 co do zebranych dowod\u00f3w i materia\u0142\u00f3w. Skorzystali\u015bmy z tego uprawnienia, sk\u0142adaj\u0105c stosowne stanowisko.<\/p>\n<h2>Wynik post\u0119powania<\/h2>\n<p>Prezes Rady Ministr\u00f3w decyzj\u0105 z marca 2026 roku przyzna\u0142 naszemu Klientowi rent\u0119 specjaln\u0105 na podstawie art. 82 ust. 1 ustawy o emeryturach i rentach z Funduszu Ubezpiecze\u0144 Spo\u0142ecznych. \u015awiadczenie wyp\u0142acane jest niezale\u017cnie od innych \u015bwiadcze\u0144 z ubezpieczenia spo\u0142ecznego.<\/p>\n<p>Sprawa stanowi przyk\u0142ad post\u0119powania, w kt\u00f3rym pozytywne rozstrzygni\u0119cie wymaga\u0142o nie tylko zgromadzenia odpowiedniej dokumentacji, ale przede wszystkim umiej\u0119tnego wykazania wyj\u0105tkowo\u015bci sytuacji wnioskodawcy w kontek\u015bcie przes\u0142anek okre\u015blonych przez orzecznictwo i praktyk\u0119 administracyjn\u0105. Decyzja uznaniowa Prezesa Rady Ministr\u00f3w nie jest automatyczn\u0105 konsekwencj\u0105 spe\u0142nienia jakichkolwiek formalnych kryteri\u00f3w \u2013 wymaga przekonania organu do zasadno\u015bci wniosku.<\/p>\n<h2>Wnioski praktyczne \u2013 co decyduje o skuteczno\u015bci wniosku<\/h2>\n<p>Na podstawie do\u015bwiadcze\u0144 z tej sprawy mo\u017cemy wskaza\u0107 kilka element\u00f3w, kt\u00f3re maj\u0105 kluczowe znaczenie dla skuteczno\u015bci post\u0119powania o rent\u0119 specjaln\u0105:<\/p>\n<ul>\n<li><strong>Wykazanie wyj\u0105tkowo\u015bci, a nie tylko zas\u0142ug.<\/strong> Organ oczekuje wykazania, \u017ce wnioskodawca wyr\u00f3\u017cnia si\u0119 spo\u015br\u00f3d szerokiej grupy os\u00f3b posiadaj\u0105cych podobny status prawny. Sam status dzia\u0142acza opozycji antykomunistycznej lub osoby represjonowanej nie jest wystarczaj\u0105cy \u2013 konieczne jest udokumentowanie okoliczno\u015bci szczeg\u00f3lnie wyr\u00f3\u017cniaj\u0105cych dan\u0105 osob\u0119.<\/li>\n<li><strong>Jako\u015b\u0107 i wiarygodno\u015b\u0107 materia\u0142u dowodowego.<\/strong> O\u015bwiadczenia \u015bwiadk\u00f3w potwierdzonych historycznie, dokumenty IPN, orzeczenia s\u0105d\u00f3w wojskowych i powszechnych \u2013 to materia\u0142, kt\u00f3ry organ traktuje powa\u017cnie. Wa\u017cne, by ka\u017cde twierdzenie faktyczne by\u0142o zakotwiczone w konkretnym dokumencie lub zeznaniu.<\/li>\n<li><strong>Aktywno\u015b\u0107 w toku post\u0119powania.<\/strong> Skorzystanie z uprawnienia do wypowiedzenia si\u0119 co do zebranego materia\u0142u dowodowego (art. 10 k.p.a.) mo\u017ce mie\u0107 znaczenie dla ostatecznego rozstrzygni\u0119cia. Post\u0119powanie o \u015bwiadczenie specjalne nie jest post\u0119powaniem jednoinstancyjnym w tradycyjnym sensie \u2013 decyzja zapada na podstawie ca\u0142o\u015bci zgromadzonego materia\u0142u.<\/li>\n<li><strong>Precyzyjne okre\u015blenie podstawy wniosku.<\/strong> Wniosek powinien jednoznacznie wskazywa\u0107, czy powo\u0142uje si\u0119 na przes\u0142ank\u0119 wybitnych zas\u0142ug i osi\u0105gni\u0119\u0107, czy na przes\u0142ank\u0119 nadzwyczajnego zdarzenia losowego \u2013 albo na obie, je\u015bli stan faktyczny to uzasadnia.<\/li>\n<\/ul>\n<p>Je\u015bli reprezentujesz osob\u0119, kt\u00f3ra mo\u017ce spe\u0142nia\u0107 przes\u0142anki do ubiegania si\u0119 o rent\u0119 specjaln\u0105 Prezesa Rady Ministr\u00f3w \u2013 skontaktuj si\u0119 z nami. Ocenimy zasadno\u015b\u0107 ewentualnego wniosku i pomo\u017cemy przygotowa\u0107 pe\u0142n\u0105 dokumentacj\u0119 niezb\u0119dn\u0105 do skutecznego przeprowadzenia post\u0119powania.<\/p>\n","protected":false},"excerpt":{"rendered":"<p>Instytucja renty specjalnej przyznawanej przez Prezesa Rady Ministr\u00f3w na podstawie art. 82 ust. 1 ustawy z dnia 17 grudnia 1998 [&hellip;]<\/p>\n","protected":false},"author":1,"featured_media":0,"comment_status":"closed","ping_status":"open","sticky":false,"template":"","format":"standard","meta":{"site-sidebar-layout":"default","site-content-layout":"","ast-site-content-layout":"default","site-content-style":"default","site-sidebar-style":"default","ast-global-header-display":"","ast-banner-title-visibility":"","ast-main-header-display":"","ast-hfb-above-header-display":"","ast-hfb-below-header-display":"","ast-hfb-mobile-header-display":"","site-post-title":"","ast-breadcrumbs-content":"","ast-featured-img":"","footer-sml-layout":"","ast-disable-related-posts":"","theme-transparent-header-meta":"","adv-header-id-meta":"","stick-header-meta":"","header-above-stick-meta":"","header-main-stick-meta":"","header-below-stick-meta":"","astra-migrate-meta-layouts":"default","ast-page-background-enabled":"default","ast-page-background-meta":{"desktop":{"background-color":"var(--ast-global-color-5)","background-image":"","background-repeat":"repeat","background-position":"center center","background-size":"auto","background-attachment":"scroll","background-type":"","background-media":"","overlay-type":"","overlay-color":"","overlay-opacity":"","overlay-gradient":""},"tablet":{"background-color":"","background-image":"","background-repeat":"repeat","background-position":"center center","background-size":"auto","background-attachment":"scroll","background-type":"","background-media":"","overlay-type":"","overlay-color":"","overlay-opacity":"","overlay-gradient":""},"mobile":{"background-color":"","background-image":"","background-repeat":"repeat","background-position":"center center","background-size":"auto","background-attachment":"scroll","background-type":"","background-media":"","overlay-type":"","overlay-color":"","overlay-opacity":"","overlay-gradient":""}},"ast-content-background-meta":{"desktop":{"background-color":"var(--ast-global-color-4)","background-image":"","background-repeat":"repeat","background-position":"center center","background-size":"auto","background-attachment":"scroll","background-type":"","background-media":"","overlay-type":"","overlay-color":"","overlay-opacity":"","overlay-gradient":""},"tablet":{"background-color":"var(--ast-global-color-4)","background-image":"","background-repeat":"repeat","background-position":"center center","background-size":"auto","background-attachment":"scroll","background-type":"","background-media":"","overlay-type":"","overlay-color":"","overlay-opacity":"","overlay-gradient":""},"mobile":{"background-color":"var(--ast-global-color-4)","background-image":"","background-repeat":"repeat","background-position":"center center","background-size":"auto","background-attachment":"scroll","background-type":"","background-media":"","overlay-type":"","overlay-color":"","overlay-opacity":"","overlay-gradient":""}},"footnotes":""},"categories":[25],"tags":[],"class_list":["post-77","post","type-post","status-publish","format-standard","hentry","category-postepowanie-administracyjne"],"yoast_head":"<!-- This site is optimized with the Yoast SEO plugin v27.4 - https:\/\/yoast.com\/product\/yoast-seo-wordpress\/ -->\n<title>Renta specjalna od premiera dla dzia\u0142acza opozycji<\/title>\n<meta name=\"description\" content=\"Renta specjalna dla dzia\u0142acza opozycji antykomunistycznej przyznana przez Prezesa Rady Ministr\u00f3w. Opis post\u0119powania i kuczowe argumenty.\" \/>\n<meta name=\"robots\" content=\"index, follow, max-snippet:-1, max-image-preview:large, max-video-preview:-1\" \/>\n<link rel=\"canonical\" href=\"https:\/\/blog.bglegal.pl\/index.php\/2026\/04\/26\/renta-specjalna-dla-dzialacza-opozycji-antykomunistycznej-skuteczne-postepowanie-przed-prezesem-rady-ministrow\/\" \/>\n<meta property=\"og:locale\" content=\"pl_PL\" \/>\n<meta property=\"og:type\" content=\"article\" \/>\n<meta property=\"og:title\" content=\"Renta specjalna od premiera dla dzia\u0142acza opozycji\" \/>\n<meta property=\"og:description\" content=\"Renta specjalna dla dzia\u0142acza opozycji antykomunistycznej przyznana przez Prezesa Rady Ministr\u00f3w. Opis post\u0119powania i kuczowe argumenty.\" \/>\n<meta property=\"og:url\" content=\"https:\/\/blog.bglegal.pl\/index.php\/2026\/04\/26\/renta-specjalna-dla-dzialacza-opozycji-antykomunistycznej-skuteczne-postepowanie-przed-prezesem-rady-ministrow\/\" \/>\n<meta property=\"og:site_name\" content=\"Prawo po prostu\" \/>\n<meta property=\"article:published_time\" content=\"2026-04-26T18:23:01+00:00\" \/>\n<meta property=\"article:modified_time\" content=\"2026-04-26T18:46:55+00:00\" \/>\n<meta name=\"author\" content=\"Marcin Buczkowski\" \/>\n<meta name=\"twitter:card\" content=\"summary_large_image\" \/>\n<meta name=\"twitter:label1\" content=\"Napisane przez\" \/>\n\t<meta name=\"twitter:data1\" content=\"Marcin Buczkowski\" \/>\n\t<meta name=\"twitter:label2\" content=\"Szacowany czas czytania\" \/>\n\t<meta name=\"twitter:data2\" content=\"7 minut\" \/>\n<script type=\"application\/ld+json\" class=\"yoast-schema-graph\">{\"@context\":\"https:\\\/\\\/schema.org\",\"@graph\":[{\"@type\":\"Article\",\"@id\":\"https:\\\/\\\/blog.bglegal.pl\\\/index.php\\\/2026\\\/04\\\/26\\\/renta-specjalna-dla-dzialacza-opozycji-antykomunistycznej-skuteczne-postepowanie-przed-prezesem-rady-ministrow\\\/#article\",\"isPartOf\":{\"@id\":\"https:\\\/\\\/blog.bglegal.pl\\\/index.php\\\/2026\\\/04\\\/26\\\/renta-specjalna-dla-dzialacza-opozycji-antykomunistycznej-skuteczne-postepowanie-przed-prezesem-rady-ministrow\\\/\"},\"author\":{\"name\":\"Marcin Buczkowski\",\"@id\":\"https:\\\/\\\/blog.bglegal.pl\\\/#\\\/schema\\\/person\\\/dba82294c59097f92ce4eff9cf0e423b\"},\"headline\":\"Renta specjalna dla dzia\u0142acza opozycji antykomunistycznej \u2013 skuteczne post\u0119powanie przed Prezesem Rady Ministr\u00f3w\",\"datePublished\":\"2026-04-26T18:23:01+00:00\",\"dateModified\":\"2026-04-26T18:46:55+00:00\",\"mainEntityOfPage\":{\"@id\":\"https:\\\/\\\/blog.bglegal.pl\\\/index.php\\\/2026\\\/04\\\/26\\\/renta-specjalna-dla-dzialacza-opozycji-antykomunistycznej-skuteczne-postepowanie-przed-prezesem-rady-ministrow\\\/\"},\"wordCount\":1287,\"publisher\":{\"@id\":\"https:\\\/\\\/blog.bglegal.pl\\\/#\\\/schema\\\/person\\\/dba82294c59097f92ce4eff9cf0e423b\"},\"articleSection\":[\"Post\u0119powanie administracyjne\"],\"inLanguage\":\"pl-PL\"},{\"@type\":\"WebPage\",\"@id\":\"https:\\\/\\\/blog.bglegal.pl\\\/index.php\\\/2026\\\/04\\\/26\\\/renta-specjalna-dla-dzialacza-opozycji-antykomunistycznej-skuteczne-postepowanie-przed-prezesem-rady-ministrow\\\/\",\"url\":\"https:\\\/\\\/blog.bglegal.pl\\\/index.php\\\/2026\\\/04\\\/26\\\/renta-specjalna-dla-dzialacza-opozycji-antykomunistycznej-skuteczne-postepowanie-przed-prezesem-rady-ministrow\\\/\",\"name\":\"Renta specjalna od premiera dla dzia\u0142acza opozycji\",\"isPartOf\":{\"@id\":\"https:\\\/\\\/blog.bglegal.pl\\\/#website\"},\"datePublished\":\"2026-04-26T18:23:01+00:00\",\"dateModified\":\"2026-04-26T18:46:55+00:00\",\"description\":\"Renta specjalna dla dzia\u0142acza opozycji antykomunistycznej przyznana przez Prezesa Rady Ministr\u00f3w. Opis post\u0119powania i kuczowe argumenty.\",\"breadcrumb\":{\"@id\":\"https:\\\/\\\/blog.bglegal.pl\\\/index.php\\\/2026\\\/04\\\/26\\\/renta-specjalna-dla-dzialacza-opozycji-antykomunistycznej-skuteczne-postepowanie-przed-prezesem-rady-ministrow\\\/#breadcrumb\"},\"inLanguage\":\"pl-PL\",\"potentialAction\":[{\"@type\":\"ReadAction\",\"target\":[\"https:\\\/\\\/blog.bglegal.pl\\\/index.php\\\/2026\\\/04\\\/26\\\/renta-specjalna-dla-dzialacza-opozycji-antykomunistycznej-skuteczne-postepowanie-przed-prezesem-rady-ministrow\\\/\"]}]},{\"@type\":\"BreadcrumbList\",\"@id\":\"https:\\\/\\\/blog.bglegal.pl\\\/index.php\\\/2026\\\/04\\\/26\\\/renta-specjalna-dla-dzialacza-opozycji-antykomunistycznej-skuteczne-postepowanie-przed-prezesem-rady-ministrow\\\/#breadcrumb\",\"itemListElement\":[{\"@type\":\"ListItem\",\"position\":1,\"name\":\"Strona g\u0142\u00f3wna\",\"item\":\"https:\\\/\\\/blog.bglegal.pl\\\/\"},{\"@type\":\"ListItem\",\"position\":2,\"name\":\"Renta specjalna dla dzia\u0142acza opozycji antykomunistycznej \u2013 skuteczne post\u0119powanie przed Prezesem Rady Ministr\u00f3w\"}]},{\"@type\":\"WebSite\",\"@id\":\"https:\\\/\\\/blog.bglegal.pl\\\/#website\",\"url\":\"https:\\\/\\\/blog.bglegal.pl\\\/\",\"name\":\"Prawo po prostu\",\"description\":\"artyku\u0142y adw. Marcina Buczkowskiego\",\"publisher\":{\"@id\":\"https:\\\/\\\/blog.bglegal.pl\\\/#\\\/schema\\\/person\\\/dba82294c59097f92ce4eff9cf0e423b\"},\"potentialAction\":[{\"@type\":\"SearchAction\",\"target\":{\"@type\":\"EntryPoint\",\"urlTemplate\":\"https:\\\/\\\/blog.bglegal.pl\\\/?s={search_term_string}\"},\"query-input\":{\"@type\":\"PropertyValueSpecification\",\"valueRequired\":true,\"valueName\":\"search_term_string\"}}],\"inLanguage\":\"pl-PL\"},{\"@type\":[\"Person\",\"Organization\"],\"@id\":\"https:\\\/\\\/blog.bglegal.pl\\\/#\\\/schema\\\/person\\\/dba82294c59097f92ce4eff9cf0e423b\",\"name\":\"Marcin Buczkowski\",\"image\":{\"@type\":\"ImageObject\",\"inLanguage\":\"pl-PL\",\"@id\":\"https:\\\/\\\/blog.bglegal.pl\\\/wp-content\\\/uploads\\\/2026\\\/04\\\/logo-nowe-MB-pdf.jpg\",\"url\":\"https:\\\/\\\/blog.bglegal.pl\\\/wp-content\\\/uploads\\\/2026\\\/04\\\/logo-nowe-MB-pdf.jpg\",\"contentUrl\":\"https:\\\/\\\/blog.bglegal.pl\\\/wp-content\\\/uploads\\\/2026\\\/04\\\/logo-nowe-MB-pdf.jpg\",\"width\":360,\"height\":135,\"caption\":\"Marcin Buczkowski\"},\"logo\":{\"@id\":\"https:\\\/\\\/blog.bglegal.pl\\\/wp-content\\\/uploads\\\/2026\\\/04\\\/logo-nowe-MB-pdf.jpg\"},\"sameAs\":[\"http:\\\/\\\/blog.bglegal.pl\"],\"url\":\"https:\\\/\\\/blog.bglegal.pl\\\/index.php\\\/author\\\/admin\\\/\"}]}<\/script>\n<!-- \/ Yoast SEO plugin. -->","yoast_head_json":{"title":"Renta specjalna od premiera dla dzia\u0142acza opozycji","description":"Renta specjalna dla dzia\u0142acza opozycji antykomunistycznej przyznana przez Prezesa Rady Ministr\u00f3w. Opis post\u0119powania i kuczowe argumenty.","robots":{"index":"index","follow":"follow","max-snippet":"max-snippet:-1","max-image-preview":"max-image-preview:large","max-video-preview":"max-video-preview:-1"},"canonical":"https:\/\/blog.bglegal.pl\/index.php\/2026\/04\/26\/renta-specjalna-dla-dzialacza-opozycji-antykomunistycznej-skuteczne-postepowanie-przed-prezesem-rady-ministrow\/","og_locale":"pl_PL","og_type":"article","og_title":"Renta specjalna od premiera dla dzia\u0142acza opozycji","og_description":"Renta specjalna dla dzia\u0142acza opozycji antykomunistycznej przyznana przez Prezesa Rady Ministr\u00f3w. Opis post\u0119powania i kuczowe argumenty.","og_url":"https:\/\/blog.bglegal.pl\/index.php\/2026\/04\/26\/renta-specjalna-dla-dzialacza-opozycji-antykomunistycznej-skuteczne-postepowanie-przed-prezesem-rady-ministrow\/","og_site_name":"Prawo po prostu","article_published_time":"2026-04-26T18:23:01+00:00","article_modified_time":"2026-04-26T18:46:55+00:00","author":"Marcin Buczkowski","twitter_card":"summary_large_image","twitter_misc":{"Napisane przez":"Marcin Buczkowski","Szacowany czas czytania":"7 minut"},"schema":{"@context":"https:\/\/schema.org","@graph":[{"@type":"Article","@id":"https:\/\/blog.bglegal.pl\/index.php\/2026\/04\/26\/renta-specjalna-dla-dzialacza-opozycji-antykomunistycznej-skuteczne-postepowanie-przed-prezesem-rady-ministrow\/#article","isPartOf":{"@id":"https:\/\/blog.bglegal.pl\/index.php\/2026\/04\/26\/renta-specjalna-dla-dzialacza-opozycji-antykomunistycznej-skuteczne-postepowanie-przed-prezesem-rady-ministrow\/"},"author":{"name":"Marcin Buczkowski","@id":"https:\/\/blog.bglegal.pl\/#\/schema\/person\/dba82294c59097f92ce4eff9cf0e423b"},"headline":"Renta specjalna dla dzia\u0142acza opozycji antykomunistycznej \u2013 skuteczne post\u0119powanie przed Prezesem Rady Ministr\u00f3w","datePublished":"2026-04-26T18:23:01+00:00","dateModified":"2026-04-26T18:46:55+00:00","mainEntityOfPage":{"@id":"https:\/\/blog.bglegal.pl\/index.php\/2026\/04\/26\/renta-specjalna-dla-dzialacza-opozycji-antykomunistycznej-skuteczne-postepowanie-przed-prezesem-rady-ministrow\/"},"wordCount":1287,"publisher":{"@id":"https:\/\/blog.bglegal.pl\/#\/schema\/person\/dba82294c59097f92ce4eff9cf0e423b"},"articleSection":["Post\u0119powanie administracyjne"],"inLanguage":"pl-PL"},{"@type":"WebPage","@id":"https:\/\/blog.bglegal.pl\/index.php\/2026\/04\/26\/renta-specjalna-dla-dzialacza-opozycji-antykomunistycznej-skuteczne-postepowanie-przed-prezesem-rady-ministrow\/","url":"https:\/\/blog.bglegal.pl\/index.php\/2026\/04\/26\/renta-specjalna-dla-dzialacza-opozycji-antykomunistycznej-skuteczne-postepowanie-przed-prezesem-rady-ministrow\/","name":"Renta specjalna od premiera dla dzia\u0142acza opozycji","isPartOf":{"@id":"https:\/\/blog.bglegal.pl\/#website"},"datePublished":"2026-04-26T18:23:01+00:00","dateModified":"2026-04-26T18:46:55+00:00","description":"Renta specjalna dla dzia\u0142acza opozycji antykomunistycznej przyznana przez Prezesa Rady Ministr\u00f3w. Opis post\u0119powania i kuczowe argumenty.","breadcrumb":{"@id":"https:\/\/blog.bglegal.pl\/index.php\/2026\/04\/26\/renta-specjalna-dla-dzialacza-opozycji-antykomunistycznej-skuteczne-postepowanie-przed-prezesem-rady-ministrow\/#breadcrumb"},"inLanguage":"pl-PL","potentialAction":[{"@type":"ReadAction","target":["https:\/\/blog.bglegal.pl\/index.php\/2026\/04\/26\/renta-specjalna-dla-dzialacza-opozycji-antykomunistycznej-skuteczne-postepowanie-przed-prezesem-rady-ministrow\/"]}]},{"@type":"BreadcrumbList","@id":"https:\/\/blog.bglegal.pl\/index.php\/2026\/04\/26\/renta-specjalna-dla-dzialacza-opozycji-antykomunistycznej-skuteczne-postepowanie-przed-prezesem-rady-ministrow\/#breadcrumb","itemListElement":[{"@type":"ListItem","position":1,"name":"Strona g\u0142\u00f3wna","item":"https:\/\/blog.bglegal.pl\/"},{"@type":"ListItem","position":2,"name":"Renta specjalna dla dzia\u0142acza opozycji antykomunistycznej \u2013 skuteczne post\u0119powanie przed Prezesem Rady Ministr\u00f3w"}]},{"@type":"WebSite","@id":"https:\/\/blog.bglegal.pl\/#website","url":"https:\/\/blog.bglegal.pl\/","name":"Prawo po prostu","description":"artyku\u0142y adw. Marcina Buczkowskiego","publisher":{"@id":"https:\/\/blog.bglegal.pl\/#\/schema\/person\/dba82294c59097f92ce4eff9cf0e423b"},"potentialAction":[{"@type":"SearchAction","target":{"@type":"EntryPoint","urlTemplate":"https:\/\/blog.bglegal.pl\/?s={search_term_string}"},"query-input":{"@type":"PropertyValueSpecification","valueRequired":true,"valueName":"search_term_string"}}],"inLanguage":"pl-PL"},{"@type":["Person","Organization"],"@id":"https:\/\/blog.bglegal.pl\/#\/schema\/person\/dba82294c59097f92ce4eff9cf0e423b","name":"Marcin Buczkowski","image":{"@type":"ImageObject","inLanguage":"pl-PL","@id":"https:\/\/blog.bglegal.pl\/wp-content\/uploads\/2026\/04\/logo-nowe-MB-pdf.jpg","url":"https:\/\/blog.bglegal.pl\/wp-content\/uploads\/2026\/04\/logo-nowe-MB-pdf.jpg","contentUrl":"https:\/\/blog.bglegal.pl\/wp-content\/uploads\/2026\/04\/logo-nowe-MB-pdf.jpg","width":360,"height":135,"caption":"Marcin Buczkowski"},"logo":{"@id":"https:\/\/blog.bglegal.pl\/wp-content\/uploads\/2026\/04\/logo-nowe-MB-pdf.jpg"},"sameAs":["http:\/\/blog.bglegal.pl"],"url":"https:\/\/blog.bglegal.pl\/index.php\/author\/admin\/"}]}},"_links":{"self":[{"href":"https:\/\/blog.bglegal.pl\/index.php\/wp-json\/wp\/v2\/posts\/77","targetHints":{"allow":["GET"]}}],"collection":[{"href":"https:\/\/blog.bglegal.pl\/index.php\/wp-json\/wp\/v2\/posts"}],"about":[{"href":"https:\/\/blog.bglegal.pl\/index.php\/wp-json\/wp\/v2\/types\/post"}],"author":[{"embeddable":true,"href":"https:\/\/blog.bglegal.pl\/index.php\/wp-json\/wp\/v2\/users\/1"}],"replies":[{"embeddable":true,"href":"https:\/\/blog.bglegal.pl\/index.php\/wp-json\/wp\/v2\/comments?post=77"}],"version-history":[{"count":1,"href":"https:\/\/blog.bglegal.pl\/index.php\/wp-json\/wp\/v2\/posts\/77\/revisions"}],"predecessor-version":[{"id":78,"href":"https:\/\/blog.bglegal.pl\/index.php\/wp-json\/wp\/v2\/posts\/77\/revisions\/78"}],"wp:attachment":[{"href":"https:\/\/blog.bglegal.pl\/index.php\/wp-json\/wp\/v2\/media?parent=77"}],"wp:term":[{"taxonomy":"category","embeddable":true,"href":"https:\/\/blog.bglegal.pl\/index.php\/wp-json\/wp\/v2\/categories?post=77"},{"taxonomy":"post_tag","embeddable":true,"href":"https:\/\/blog.bglegal.pl\/index.php\/wp-json\/wp\/v2\/tags?post=77"}],"curies":[{"name":"wp","href":"https:\/\/api.w.org\/{rel}","templated":true}]}}